{"id":3045,"date":"2025-08-10T15:50:27","date_gmt":"2025-08-10T13:50:27","guid":{"rendered":"https:\/\/www.valdeuropefc.com\/?p=3045"},"modified":"2025-08-10T15:56:26","modified_gmt":"2025-08-10T13:56:26","slug":"ouverture-section-sport-sante","status":"publish","type":"post","link":"https:\/\/www.valdeuropefc.com\/?p=3045","title":{"rendered":"Ouverture section sport-sant\u00e9 !"},"content":{"rendered":"\n<p>Mesdames, envie de reprendre le sport, de d\u00e9couvrir le football ou de vous y remettre en douceur ? Mamans ou mamies de joueurs\/joueuses, vous voulez franchir la barri\u00e8re ? Notre nouvelle section Foot Sant\u00e9 est faite pour vous !<\/p>\n\n\n\n<p><img loading=\"lazy\" decoding=\"async\" height=\"16\" width=\"16\" src=\"https:\/\/static.xx.fbcdn.net\/images\/emoji.php\/v9\/t5c\/1\/16\/1f5d3.png\" alt=\"\ud83d\uddd3\">&nbsp;Un dimanche sur deux, de 10h30 \u00e0 12h<\/p>\n\n\n\n<p><img loading=\"lazy\" decoding=\"async\" height=\"16\" width=\"16\" src=\"https:\/\/static.xx.fbcdn.net\/images\/emoji.php\/v9\/t2d\/1\/16\/1f4cd.png\" alt=\"\ud83d\udccd\">&nbsp;Stade de l\u2019Hermi\u00e8re, Serris<\/p>\n\n\n\n<p>Ce cr\u00e9neau se destine \u00e0 toutes les femmes de 35 ans et plus, d\u00e9butantes ou non, en reprise, en convalescence ou simplement pour le plaisir.<\/p>\n\n\n\n<p><strong>Au programme :<\/strong><br>Pratique adapt\u00e9e et sans pression : exercices vari\u00e9s, jeux ludiques et ateliers techniques accessibles \u00e0 toutes.<br>Ambiance conviviale : venez partager un moment de d\u00e9tente et retrouver la forme \u00e0 votre rythme.<br>Activit\u00e9s diversifi\u00e9es : football en douceur, renforcement musculaire, ateliers bien-\u00eatre et plus encore.<br>Aucune exp\u00e9rience requise, juste l\u2019envie de bouger et de passer un bon moment !<\/p>\n\n\n\n<div class=\"wp-block-buttons is-layout-flex wp-block-buttons-is-layout-flex\">\n<div class=\"wp-block-button\"><a class=\"wp-block-button__link wp-element-button\" href=\"https:\/\/bit.ly\/vefcfoot112526\">Je me pr\u00e9-inscris !<\/a><\/div>\n<\/div>\n\n\n\n<p><\/p>\n\n\n\n<p><strong>Renseignements :<\/strong> Jean-Baptiste &#8211; 06.37.60.25.22.<\/p>\n\n\n\n<p>&nbsp;<\/p>\n\n\n\n\n\n\n\n\n\n\n\n\n\n\n\n\n\n\n","protected":false},"excerpt":{"rendered":"<p>Mesdames, envie de reprendre le sport, de d\u00e9couvrir le football ou de vous y remettre en douceur ? Mamans ou mamies de joueurs\/joueuses, vous voulez franchir la barri\u00e8re ? Notre nouvelle section Foot Sant\u00e9 est faite pour vous ! &nbsp;Un dimanche sur deux, de 10h30 \u00e0 12h &nbsp;Stade de l\u2019Hermi\u00e8re, Serris Ce cr\u00e9neau se destine&#8230;<\/p>\n","protected":false},"author":1,"featured_media":3034,"comment_status":"open","ping_status":"open","sticky":false,"template":"","format":"standard","meta":{"footnotes":""},"categories":[39,18],"tags":[],"class_list":["post-3045","post","type-post","status-publish","format-standard","has-post-thumbnail","hentry","category-club","category-latest-news"],"_links":{"self":[{"href":"https:\/\/www.valdeuropefc.com\/index.php?rest_route=\/wp\/v2\/posts\/3045","targetHints":{"allow":["GET"]}}],"collection":[{"href":"https:\/\/www.valdeuropefc.com\/index.php?rest_route=\/wp\/v2\/posts"}],"about":[{"href":"https:\/\/www.valdeuropefc.com\/index.php?rest_route=\/wp\/v2\/types\/post"}],"author":[{"embeddable":true,"href":"https:\/\/www.valdeuropefc.com\/index.php?rest_route=\/wp\/v2\/users\/1"}],"replies":[{"embeddable":true,"href":"https:\/\/www.valdeuropefc.com\/index.php?rest_route=%2Fwp%2Fv2%2Fcomments&post=3045"}],"version-history":[{"count":3,"href":"https:\/\/www.valdeuropefc.com\/index.php?rest_route=\/wp\/v2\/posts\/3045\/revisions"}],"predecessor-version":[{"id":3048,"href":"https:\/\/www.valdeuropefc.com\/index.php?rest_route=\/wp\/v2\/posts\/3045\/revisions\/3048"}],"wp:featuredmedia":[{"embeddable":true,"href":"https:\/\/www.valdeuropefc.com\/index.php?rest_route=\/wp\/v2\/media\/3034"}],"wp:attachment":[{"href":"https:\/\/www.valdeuropefc.com\/index.php?rest_route=%2Fwp%2Fv2%2Fmedia&parent=3045"}],"wp:term":[{"taxonomy":"category","embeddable":true,"href":"https:\/\/www.valdeuropefc.com\/index.php?rest_route=%2Fwp%2Fv2%2Fcategories&post=3045"},{"taxonomy":"post_tag","embeddable":true,"href":"https:\/\/www.valdeuropefc.com\/index.php?rest_route=%2Fwp%2Fv2%2Ftags&post=3045"}],"curies":[{"name":"wp","href":"https:\/\/api.w.org\/{rel}","templated":true}]}}