{"id":3060,"date":"2025-08-22T18:31:08","date_gmt":"2025-08-22T16:31:08","guid":{"rendered":"https:\/\/www.valdeuropefc.com\/?p=3060"},"modified":"2025-08-22T18:31:57","modified_gmt":"2025-08-22T16:31:57","slug":"lalbum-du-club-revient","status":"publish","type":"post","link":"https:\/\/www.valdeuropefc.com\/?p=3060","title":{"rendered":"[SPONSORS] Participez \u00e0 l&#8217;album du club !"},"content":{"rendered":"\n<p>\ud83d\udce2 <strong>Il revient cette saison au VEFC !<\/strong> \u26bd\ud83d\udd25<\/p>\n\n\n\n<p>Le <strong>Val d\u2019Europe FC<\/strong> pr\u00e9pare le retour de son <strong>album de vignettes \u00e0 collectionner<\/strong> \ud83c\udf89<br>Un projet attendu par nos licenci\u00e9s et leurs familles : chaque joueur et \u00e9ducateur de l&#8217;\u00e9cole de foot et toutes les \u00e9quipes du club auront leur place dans l\u2019album que tout le monde voudra compl\u00e9ter !<\/p>\n\n\n\n<p>\ud83d\udc49 Un support original, convivial et qui restera dans les m\u00e9moires \ud83d\udc99\ud83e\udd0d<\/p>\n\n\n\n<p>\ud83e\udd1d Nous ouvrons d\u00e8s maintenant nos <strong>offres de sponsoring<\/strong> pour les entreprises et commerces locaux.<br>\u27a1\ufe0f Associez votre image aux valeurs du sport, de l\u2019\u00e9ducation et de la convivialit\u00e9 en figurant dans l\u2019album.<\/p>\n\n\n\n<p>\ud83d\udce9 Int\u00e9ress\u00e9(e) ? Contactez-nous \u00e0 <strong><a>communication@valdeuropefc.com<\/a><\/strong><\/p>\n\n\n\n<p><strong>Renseignements :<\/strong> Jean-Baptiste &#8211; 06.37.60.25.22.<\/p>\n\n\n\n<div class=\"wp-block-buttons is-layout-flex wp-block-buttons-is-layout-flex\">\n<div class=\"wp-block-button has-custom-font-size is-style-fill has-medium-font-size\"><a class=\"wp-block-button__link has-luminous-vivid-orange-background-color has-background wp-element-button\" href=\"https:\/\/www.valdeuropefc.com\/wp-content\/uploads\/2025\/08\/PLAQUETTE-SPONSORS-ALBUM-DU-CLUB-VEFC-1.pdf\" target=\"_blank\" rel=\"noreferrer noopener\">T\u00e9l\u00e9charger la plaquette<\/a><\/div>\n<\/div>\n\n\n\n<p><\/p>\n\n\n\n<p>&nbsp;<\/p>\n\n\n\n\n\n\n\n\n\n\n\n\n\n\n\n\n\n\n","protected":false},"excerpt":{"rendered":"<p>\ud83d\udce2 Il revient cette saison au VEFC ! \u26bd\ud83d\udd25 Le Val d\u2019Europe FC pr\u00e9pare le retour de son album de vignettes \u00e0 collectionner \ud83c\udf89Un projet attendu par nos licenci\u00e9s et leurs familles : chaque joueur et \u00e9ducateur de l&#8217;\u00e9cole de foot et toutes les \u00e9quipes du club auront leur place dans l\u2019album que tout le&#8230;<\/p>\n","protected":false},"author":1,"featured_media":3061,"comment_status":"open","ping_status":"open","sticky":false,"template":"","format":"standard","meta":{"footnotes":""},"categories":[39,18],"tags":[],"class_list":["post-3060","post","type-post","status-publish","format-standard","has-post-thumbnail","hentry","category-club","category-latest-news"],"_links":{"self":[{"href":"https:\/\/www.valdeuropefc.com\/index.php?rest_route=\/wp\/v2\/posts\/3060","targetHints":{"allow":["GET"]}}],"collection":[{"href":"https:\/\/www.valdeuropefc.com\/index.php?rest_route=\/wp\/v2\/posts"}],"about":[{"href":"https:\/\/www.valdeuropefc.com\/index.php?rest_route=\/wp\/v2\/types\/post"}],"author":[{"embeddable":true,"href":"https:\/\/www.valdeuropefc.com\/index.php?rest_route=\/wp\/v2\/users\/1"}],"replies":[{"embeddable":true,"href":"https:\/\/www.valdeuropefc.com\/index.php?rest_route=%2Fwp%2Fv2%2Fcomments&post=3060"}],"version-history":[{"count":2,"href":"https:\/\/www.valdeuropefc.com\/index.php?rest_route=\/wp\/v2\/posts\/3060\/revisions"}],"predecessor-version":[{"id":3064,"href":"https:\/\/www.valdeuropefc.com\/index.php?rest_route=\/wp\/v2\/posts\/3060\/revisions\/3064"}],"wp:featuredmedia":[{"embeddable":true,"href":"https:\/\/www.valdeuropefc.com\/index.php?rest_route=\/wp\/v2\/media\/3061"}],"wp:attachment":[{"href":"https:\/\/www.valdeuropefc.com\/index.php?rest_route=%2Fwp%2Fv2%2Fmedia&parent=3060"}],"wp:term":[{"taxonomy":"category","embeddable":true,"href":"https:\/\/www.valdeuropefc.com\/index.php?rest_route=%2Fwp%2Fv2%2Fcategories&post=3060"},{"taxonomy":"post_tag","embeddable":true,"href":"https:\/\/www.valdeuropefc.com\/index.php?rest_route=%2Fwp%2Fv2%2Ftags&post=3060"}],"curies":[{"name":"wp","href":"https:\/\/api.w.org\/{rel}","templated":true}]}}