{"id":3073,"date":"2025-09-24T11:45:35","date_gmt":"2025-09-24T09:45:35","guid":{"rendered":"https:\/\/www.valdeuropefc.com\/?p=3073"},"modified":"2026-01-26T11:51:47","modified_gmt":"2026-01-26T10:51:47","slug":"stage-de-toussaint-inscrivez-votre-enfant","status":"publish","type":"post","link":"https:\/\/www.valdeuropefc.com\/?p=3073","title":{"rendered":"Stage futsal : inscriptions ouvertes !"},"content":{"rendered":"\n<p>Le VEFC est heureux d\u2019annoncer l\u2019ouverture des inscriptions pour son stage de foot en salle pendant les vacances de f\u00e9vrier !<\/p>\n\n\n\n<p><img loading=\"lazy\" decoding=\"async\" height=\"16\" width=\"16\" alt=\"\ud83d\udcc5\" src=\"https:\/\/static.xx.fbcdn.net\/images\/emoji.php\/v9\/t7e\/1\/16\/1f4c5.png\"> Du 23 au 27 f\u00e9vrier<\/p>\n\n\n\n<p><img loading=\"lazy\" decoding=\"async\" height=\"16\" width=\"16\" alt=\"\ud83d\udc66\" src=\"https:\/\/static.xx.fbcdn.net\/images\/emoji.php\/v9\/tc\/1\/16\/1f466.png\"><img loading=\"lazy\" decoding=\"async\" height=\"16\" width=\"16\" alt=\"\ud83d\udc67\" src=\"https:\/\/static.xx.fbcdn.net\/images\/emoji.php\/v9\/t8d\/1\/16\/1f467.png\"> Cat\u00e9gories : U8 \u00e0 U13<\/p>\n\n\n\n<p><img loading=\"lazy\" decoding=\"async\" height=\"16\" width=\"16\" alt=\"\ud83d\udccd\" src=\"https:\/\/static.xx.fbcdn.net\/images\/emoji.php\/v9\/t2d\/1\/16\/1f4cd.png\"> Urban Soccer Marne-la-Vall\u00e9e<\/p>\n\n\n\n<p>29 rue de la Maison Rouge, 77185 Lognes<\/p>\n\n\n\n<p><img loading=\"lazy\" decoding=\"async\" height=\"16\" width=\"16\" alt=\"\u27a1\ufe0f\" src=\"https:\/\/static.xx.fbcdn.net\/images\/emoji.php\/v9\/t9e\/1\/16\/27a1.png\"> RDV et d\u00e9part sur place (transport \u00e0 pr\u00e9voir par les familles)<\/p>\n\n\n\n<p><img loading=\"lazy\" decoding=\"async\" height=\"16\" width=\"16\" alt=\"\u23f0\" src=\"https:\/\/static.xx.fbcdn.net\/images\/emoji.php\/v9\/t34\/1\/16\/23f0.png\"> Horaires : 9h30 \u2013 16h00<\/p>\n\n\n\n<p><img loading=\"lazy\" decoding=\"async\" height=\"16\" width=\"16\" alt=\"\u26bd\" src=\"https:\/\/static.xx.fbcdn.net\/images\/emoji.php\/v9\/taf\/1\/16\/26bd.png\"> 2 s\u00e9ances d\u2019entra\u00eenement par jour<\/p>\n\n\n\n<p><img loading=\"lazy\" decoding=\"async\" height=\"16\" width=\"16\" alt=\"\ud83d\udc65\" src=\"https:\/\/static.xx.fbcdn.net\/images\/emoji.php\/v9\/t8b\/1\/16\/1f465.png\"> Enfants r\u00e9partis par cat\u00e9gorie d\u2019\u00e2ge et encadr\u00e9s par les \u00e9ducateurs du club<\/p>\n\n\n\n<p><img loading=\"lazy\" decoding=\"async\" height=\"16\" width=\"16\" alt=\"\ud83c\udf74\" src=\"https:\/\/static.xx.fbcdn.net\/images\/emoji.php\/v9\/t68\/1\/16\/1f374.png\"> Repas du midi : panier repas froid \u00e0 fournir par les familles<\/p>\n\n\n\n<p><img loading=\"lazy\" decoding=\"async\" height=\"16\" width=\"16\" alt=\"\ud83d\udcb0\" src=\"https:\/\/static.xx.fbcdn.net\/images\/emoji.php\/v9\/t5a\/1\/16\/1f4b0.png\"> Tarif : 180 \u20ac la semaine<\/p>\n\n\n\n<p><img loading=\"lazy\" decoding=\"async\" height=\"16\" width=\"16\" alt=\"\ud83d\udc49\" src=\"https:\/\/static.xx.fbcdn.net\/images\/emoji.php\/v9\/t51\/1\/16\/1f449.png\"> Inscription et paiement via le lien : <a href=\"https:\/\/l.facebook.com\/l.php?u=https%3A%2F%2Fbit.ly%2Fvefcstagefutsal26%3Ffbclid%3DIwZXh0bgNhZW0CMTAAc3J0YwZhcHBfaWQQMjIyMDM5MTc4ODIwMDg5MgABHoF5LU5P_N7h2tDK_sZil0rGgK_lHueZCN7vSm4LybYI2uprJn9CSBz3Xupm_aem_ti8z7XrjK9rdc6Sf2HgeHQ&amp;h=AT0vxvwLvbd2CyuIFTmHPapJW8pbxnHvfkH0wdnuT0X6ros37OBqhw31VwGbVqVsYAT-0hNUizzlYsIjC3nBZLsIIEZJxPq4nw8MhWrVPnJsIItP3LYJbiet4jR6QU3xc1yMa_xztcq0L8fK&amp;__tn__=-UK-R&amp;c[0]=AT2KUbteMoit0NCHn8iDUA_zdh9xDskfJg4avl45BO0Mn2UUJ0YH6I_JZP1bBhyZ6gdrh4Q79r5YbupRJvcyQvxF6Xo5z1R0c1zXV-yk5uZ8vQqACYaFwDLuXjFsWVt6aXxZgE89v-I1w0PHxFcfl8dOqHEpyVmHeJDzJu0vSSMoGRoTNTPy_KGsdETAj6P9qkKSOrnVqd2tPVikH4YLTjx21g\" rel=\"noreferrer noopener\" target=\"_blank\">https:\/\/bit.ly\/vefcstagefutsal26<\/a><\/p>\n\n\n\n<p><img loading=\"lazy\" decoding=\"async\" height=\"16\" width=\"16\" alt=\"\u26a0\ufe0f\" src=\"https:\/\/static.xx.fbcdn.net\/images\/emoji.php\/v9\/tdc\/1\/16\/26a0.png\"> PLACES LIMIT\u00c9ES !<\/p>\n\n\n\n<p>Ne tardez pas : le lien d\u2019inscription se fermera automatiquement une fois la capacit\u00e9 d\u2019accueil maximale atteinte.<\/p>\n\n\n\n<p>On vous attend nombreux pour une semaine 100 % futsal, plaisir et progression !<\/p>\n\n\n\n<div class=\"wp-block-buttons is-layout-flex wp-block-buttons-is-layout-flex\">\n<div class=\"wp-block-button\"><a class=\"wp-block-button__link wp-element-button\" href=\"https:\/\/www.valdeuropefc.com\/?page_id=2973\">Informations et inscriptions<\/a><\/div>\n<\/div>\n\n\n\n<p><\/p>\n\n\n\n<p><strong>Renseignements :<\/strong> Brice &#8211; 06 29 31 22 33<\/p>\n\n\n\n<p>&nbsp;<\/p>\n\n\n\n\n\n\n\n\n\n\n\n\n\n\n\n\n\n\n","protected":false},"excerpt":{"rendered":"<p>Le VEFC est heureux d\u2019annoncer l\u2019ouverture des inscriptions pour son stage de foot en salle pendant les vacances de f\u00e9vrier ! Du 23 au 27 f\u00e9vrier Cat\u00e9gories : U8 \u00e0 U13 Urban Soccer Marne-la-Vall\u00e9e 29 rue de la Maison Rouge, 77185 Lognes RDV et d\u00e9part sur place (transport \u00e0 pr\u00e9voir par les familles) Horaires :&#8230;<\/p>\n","protected":false},"author":1,"featured_media":3087,"comment_status":"open","ping_status":"open","sticky":false,"template":"","format":"standard","meta":{"footnotes":""},"categories":[39,18],"tags":[],"class_list":["post-3073","post","type-post","status-publish","format-standard","has-post-thumbnail","hentry","category-club","category-latest-news"],"_links":{"self":[{"href":"https:\/\/www.valdeuropefc.com\/index.php?rest_route=\/wp\/v2\/posts\/3073","targetHints":{"allow":["GET"]}}],"collection":[{"href":"https:\/\/www.valdeuropefc.com\/index.php?rest_route=\/wp\/v2\/posts"}],"about":[{"href":"https:\/\/www.valdeuropefc.com\/index.php?rest_route=\/wp\/v2\/types\/post"}],"author":[{"embeddable":true,"href":"https:\/\/www.valdeuropefc.com\/index.php?rest_route=\/wp\/v2\/users\/1"}],"replies":[{"embeddable":true,"href":"https:\/\/www.valdeuropefc.com\/index.php?rest_route=%2Fwp%2Fv2%2Fcomments&post=3073"}],"version-history":[{"count":4,"href":"https:\/\/www.valdeuropefc.com\/index.php?rest_route=\/wp\/v2\/posts\/3073\/revisions"}],"predecessor-version":[{"id":3088,"href":"https:\/\/www.valdeuropefc.com\/index.php?rest_route=\/wp\/v2\/posts\/3073\/revisions\/3088"}],"wp:featuredmedia":[{"embeddable":true,"href":"https:\/\/www.valdeuropefc.com\/index.php?rest_route=\/wp\/v2\/media\/3087"}],"wp:attachment":[{"href":"https:\/\/www.valdeuropefc.com\/index.php?rest_route=%2Fwp%2Fv2%2Fmedia&parent=3073"}],"wp:term":[{"taxonomy":"category","embeddable":true,"href":"https:\/\/www.valdeuropefc.com\/index.php?rest_route=%2Fwp%2Fv2%2Fcategories&post=3073"},{"taxonomy":"post_tag","embeddable":true,"href":"https:\/\/www.valdeuropefc.com\/index.php?rest_route=%2Fwp%2Fv2%2Ftags&post=3073"}],"curies":[{"name":"wp","href":"https:\/\/api.w.org\/{rel}","templated":true}]}}